{"id":2474,"date":"2018-05-05T13:18:05","date_gmt":"2018-05-05T11:18:05","guid":{"rendered":"http:\/\/flautadepico.consev.es\/?p=2474"},"modified":"2022-07-23T10:29:15","modified_gmt":"2022-07-23T08:29:15","slug":"enrollment-academic-course-2015-2016","status":"publish","type":"post","link":"https:\/\/flautadepico.consev.es\/en\/enrollment-academic-course-2015-2016\/","title":{"rendered":"Enrolment \u2014 Academic Course 2018-2019"},"content":{"rendered":"<h2>\u00bfAre you interested in studying recorder at <a href=\"http:\/\/consev.es\">Conservatorio Superior de M\u00fasica in Sevilla<\/a>, Spain, with professor <a href=\"http:\/\/vicenteparrilla.com\">Vicente Parrilla<\/a>?<\/h2>\n<p>We\u2019re offering two vacancies for recorder students for next academic year 2015-2016. For further information and help with the application and enrollment process, just <a href=\"mailto:flautadepico@consev.es\">contact us<\/a>.<\/p>\n<div id=\"attachment_902\" style=\"width: 1034px\" class=\"wp-caption alignnone\"><a href=\"https:\/\/i0.wp.com\/flautadepico.consev.es\/wp-content\/uploads\/2013\/04\/IMG_2938.jpg\"><img data-recalc-dims=\"1\" loading=\"lazy\" decoding=\"async\" aria-describedby=\"caption-attachment-902\" src=\"https:\/\/i0.wp.com\/flautadepico.consev.es\/wp-content\/uploads\/2013\/04\/IMG_2938.jpg?resize=584%2C438\" alt=\"Clase de Flauta de pico del Conservatorio Sup. de Sevilla\" width=\"584\" height=\"438\" class=\"size-full wp-image-902\" srcset=\"https:\/\/i0.wp.com\/flautadepico.consev.es\/wp-content\/uploads\/2013\/04\/IMG_2938.jpg?w=1024&amp;ssl=1 1024w, https:\/\/i0.wp.com\/flautadepico.consev.es\/wp-content\/uploads\/2013\/04\/IMG_2938.jpg?resize=300%2C225&amp;ssl=1 300w, https:\/\/i0.wp.com\/flautadepico.consev.es\/wp-content\/uploads\/2013\/04\/IMG_2938.jpg?resize=400%2C300&amp;ssl=1 400w\" sizes=\"auto, (max-width: 584px) 100vw, 584px\" \/><\/a><p id=\"caption-attachment-902\" class=\"wp-caption-text\">Sevilla recorder class (+ Bob Marvin)<\/p><\/div>\n\n<div class=\"twitter-share\"><a href=\"https:\/\/twitter.com\/intent\/tweet?via=fpconsev\" class=\"twitter-share-button\">Tweet<\/a><\/div>\n","protected":false},"excerpt":{"rendered":"<p>\u00bfAre you interested in studying recorder at Conservatorio Superior de M\u00fasica in Sevilla, Spain, with professor Vicente Parrilla? We\u2019re offering two vacancies for recorder students for next academic year 2015-2016. For further information and help with the application and enrollment &hellip; <a href=\"https:\/\/flautadepico.consev.es\/en\/enrollment-academic-course-2015-2016\/\">Continue reading <span class=\"meta-nav\">&rarr;<\/span><\/a><\/p>\n","protected":false},"author":13,"featured_media":2469,"comment_status":"closed","ping_status":"closed","sticky":false,"template":"","format":"standard","meta":{"jetpack_post_was_ever_published":false,"_jetpack_newsletter_access":"","_jetpack_dont_email_post_to_subs":false,"_jetpack_newsletter_tier_id":0,"_jetpack_memberships_contains_paywalled_content":false,"_jetpack_memberships_contains_paid_content":false,"footnotes":"","jetpack_publicize_message":"","jetpack_publicize_feature_enabled":true,"jetpack_social_post_already_shared":true,"jetpack_social_options":{"image_generator_settings":{"template":"highway","default_image_id":0,"font":"","enabled":false},"version":2}},"categories":[418],"tags":[],"class_list":["post-2474","post","type-post","status-publish","format-standard","has-post-thumbnail","hentry","category-application-and-enrollment"],"jetpack_publicize_connections":[],"jetpack_featured_media_url":"https:\/\/i0.wp.com\/flautadepico.consev.es\/wp-content\/uploads\/2015\/05\/LOrfeo-Sevilla.jpg?fit=1200%2C900&ssl=1","jetpack_sharing_enabled":true,"jetpack_shortlink":"https:\/\/wp.me\/p21e89-DU","jetpack-related-posts":[{"id":4065,"url":"https:\/\/flautadepico.consev.es\/en\/study\/","url_meta":{"origin":2474,"position":0},"title":"Study","author":"Vicente Parrilla","date":"17 de June de 2018","format":false,"excerpt":"Study recorder at Sevilla\u2019s Superior conservatory Interested in studying recorder at Conservatorio Superior de M\u00fasica in Sevilla, Spain, with professor Vicente Parrilla? We welcome and supports students from all over the world. Enrolment In September 2018, we\u2019ll be offering three vacancies for recorder students for the next academic course 2018-2019.\u2026","rel":"","context":"In &quot;Application and enrollment&quot;","block_context":{"text":"Application and enrollment","link":"https:\/\/flautadepico.consev.es\/en\/category\/application-and-enrollment\/"},"img":{"alt_text":"L'Orfeo","src":"https:\/\/i0.wp.com\/flautadepico.consev.es\/wp-content\/uploads\/2015\/05\/LOrfeo-Sevilla.jpg?fit=1200%2C900&ssl=1&resize=350%2C200","width":350,"height":200,"srcset":"https:\/\/i0.wp.com\/flautadepico.consev.es\/wp-content\/uploads\/2015\/05\/LOrfeo-Sevilla.jpg?fit=1200%2C900&ssl=1&resize=350%2C200 1x, https:\/\/i0.wp.com\/flautadepico.consev.es\/wp-content\/uploads\/2015\/05\/LOrfeo-Sevilla.jpg?fit=1200%2C900&ssl=1&resize=525%2C300 1.5x, https:\/\/i0.wp.com\/flautadepico.consev.es\/wp-content\/uploads\/2015\/05\/LOrfeo-Sevilla.jpg?fit=1200%2C900&ssl=1&resize=700%2C400 2x, https:\/\/i0.wp.com\/flautadepico.consev.es\/wp-content\/uploads\/2015\/05\/LOrfeo-Sevilla.jpg?fit=1200%2C900&ssl=1&resize=1050%2C600 3x"},"classes":[]},{"id":1,"url":"https:\/\/flautadepico.consev.es\/bienvenidos\/","url_meta":{"origin":2474,"position":1},"title":"Bienvenidos\/as &#8211; Welcome &#8211; Willkommen","author":"Vicente Parrilla","date":"28 de September de 2011","format":false,"excerpt":"Bienvenidos a la web de la clase de flauta de pico del Conservatorio Superior de M\u00fasica Manuel Castillo de Sevilla. Vis\u00edtanos para mantenerte al d\u00eda de las actividades de la asignatura. Welcome to the website of the Conservatorio Superior de M\u00fasica Manuel Castillo de Sevilla's recorder class. Visit us to\u2026","rel":"","context":"In &quot;Textos de presentaci\u00f3n&quot;","block_context":{"text":"Textos de presentaci\u00f3n","link":"https:\/\/flautadepico.consev.es\/category\/textos-de-presentacion\/"},"img":{"alt_text":"","src":"https:\/\/i0.wp.com\/consev.es\/wp-content\/uploads\/2010\/02\/IMG_5351-300x200.jpg?resize=350%2C200","width":350,"height":200},"classes":[]},{"id":4835,"url":"https:\/\/flautadepico.consev.es\/en\/leave\/","url_meta":{"origin":2474,"position":2},"title":"Leave of Absence","author":"Vicente Parrilla","date":"1 de December de 2019","format":false,"excerpt":"New chapter After a period of fifteen years (2004\u20132019) working as a full-time recorder professor at the Superior Conservatory of Music in Sevilla, Spain, I have decided to request a leave of absence to focus on artistic doctorate studies and my career as a performer. A new and exciting step\u2026","rel":"","context":"In &quot;Introductory texts&quot;","block_context":{"text":"Introductory texts","link":"https:\/\/flautadepico.consev.es\/en\/category\/introductory-texts\/"},"img":{"alt_text":"Biblioteca de la Universidad de Lovaina. Fuente: KU Leuven","src":"https:\/\/i0.wp.com\/flautadepico.consev.es\/wp-content\/uploads\/2019\/12\/ku-leuven-library.jpeg?resize=350%2C200&ssl=1","width":350,"height":200,"srcset":"https:\/\/i0.wp.com\/flautadepico.consev.es\/wp-content\/uploads\/2019\/12\/ku-leuven-library.jpeg?resize=350%2C200&ssl=1 1x, https:\/\/i0.wp.com\/flautadepico.consev.es\/wp-content\/uploads\/2019\/12\/ku-leuven-library.jpeg?resize=525%2C300&ssl=1 1.5x, https:\/\/i0.wp.com\/flautadepico.consev.es\/wp-content\/uploads\/2019\/12\/ku-leuven-library.jpeg?resize=700%2C400&ssl=1 2x"},"classes":[]},{"id":2599,"url":"https:\/\/flautadepico.consev.es\/recorder-finished-object\/","url_meta":{"origin":2474,"position":3},"title":"\u201cThe recorder is a finished object\u201d","author":"Vicente Parrilla","date":"20 de November de 2015","format":"quote","excerpt":"\u201cThe recorder is a finished object. It has to withstand the constant pressure of moisture and drying. The primary elements that are decisive for the quality of the recorder are beyond the reach of the player, hidden in the core of the instrument. Even if the block is removed, the\u2026","rel":"","context":"In &quot;Citas&quot;","block_context":{"text":"Citas","link":"https:\/\/flautadepico.consev.es\/category\/citas\/"},"img":{"alt_text":"","src":"","width":0,"height":0},"classes":[]},{"id":1058,"url":"https:\/\/flautadepico.consev.es\/cantata-bwv-71-gott-ist-mein-konig-dios-es-mi-rey-bach-and-the-political-recorder\/","url_meta":{"origin":2474,"position":4},"title":"Cantata BWV 71 &#8220;Gott ist mein K\u00f6nig (Dios es mi rey)&#8221; \u2014 Bach and the &#8220;political recorder&#8221;","author":"Mirjam-Luise M\u00fcnzel","date":"7 de June de 2013","format":false,"excerpt":"1. General information about the cantata The cantata BWV 71 \"Gott ist mein K\u00f6nig\" is a church cantata, written in 1708 during Bach's time as an organist in M\u00fchlhausen (at the chruch \"Divi Blasii\"). It was written for the celebration service for the new elected \"Rath\" (that was the head\u2026","rel":"","context":"In &quot;Art\u00edculos&quot;","block_context":{"text":"Art\u00edculos","link":"https:\/\/flautadepico.consev.es\/category\/articulos\/"},"img":{"alt_text":"","src":"","width":0,"height":0},"classes":[]},{"id":2150,"url":"https:\/\/flautadepico.consev.es\/eva-legene-sobre-su-primera-flauta-morgan\/","url_meta":{"origin":2474,"position":5},"title":"Eva Leg\u00eane sobre su primera flauta Morgan","author":"Vicente Parrilla","date":"26 de October de 2014","format":"image","excerpt":"\u201cI tried the instrument, burst into tears when I heard it and had to leave the room.\u201dA photo posted by Vicente Parrilla (@vicenteparrilla)\u00a0on Oct 10, 2014 at 9:27am PDT Eva Leg\u00eane, en Recorders Based on Historical Models: Fred Morgan - Writings and Memories","rel":"","context":"In &quot;Textos de presentaci\u00f3n&quot;","block_context":{"text":"Textos de presentaci\u00f3n","link":"https:\/\/flautadepico.consev.es\/category\/textos-de-presentacion\/"},"img":{"alt_text":"","src":"http:\/\/ir-na.amazon-adsystem.com\/e\/ir?t=morhisvicpar-20&l=as2&o=1&a=3000212159","width":350,"height":200},"classes":[]}],"_links":{"self":[{"href":"https:\/\/flautadepico.consev.es\/en\/wp-json\/wp\/v2\/posts\/2474","targetHints":{"allow":["GET"]}}],"collection":[{"href":"https:\/\/flautadepico.consev.es\/en\/wp-json\/wp\/v2\/posts"}],"about":[{"href":"https:\/\/flautadepico.consev.es\/en\/wp-json\/wp\/v2\/types\/post"}],"author":[{"embeddable":true,"href":"https:\/\/flautadepico.consev.es\/en\/wp-json\/wp\/v2\/users\/13"}],"replies":[{"embeddable":true,"href":"https:\/\/flautadepico.consev.es\/en\/wp-json\/wp\/v2\/comments?post=2474"}],"version-history":[{"count":7,"href":"https:\/\/flautadepico.consev.es\/en\/wp-json\/wp\/v2\/posts\/2474\/revisions"}],"predecessor-version":[{"id":4995,"href":"https:\/\/flautadepico.consev.es\/en\/wp-json\/wp\/v2\/posts\/2474\/revisions\/4995"}],"wp:featuredmedia":[{"embeddable":true,"href":"https:\/\/flautadepico.consev.es\/en\/wp-json\/wp\/v2\/media\/2469"}],"wp:attachment":[{"href":"https:\/\/flautadepico.consev.es\/en\/wp-json\/wp\/v2\/media?parent=2474"}],"wp:term":[{"taxonomy":"category","embeddable":true,"href":"https:\/\/flautadepico.consev.es\/en\/wp-json\/wp\/v2\/categories?post=2474"},{"taxonomy":"post_tag","embeddable":true,"href":"https:\/\/flautadepico.consev.es\/en\/wp-json\/wp\/v2\/tags?post=2474"}],"curies":[{"name":"wp","href":"https:\/\/api.w.org\/{rel}","templated":true}]}}